{"id":2468,"date":"2025-09-01T15:52:51","date_gmt":"2025-09-01T13:52:51","guid":{"rendered":"https:\/\/www.stemarie.eu\/site\/?p=2468"},"modified":"2026-02-16T16:20:56","modified_gmt":"2026-02-16T15:20:56","slug":"projet-educatif","status":"publish","type":"post","link":"https:\/\/www.stemarie.eu\/site\/index.php\/2025\/09\/01\/projet-educatif\/","title":{"rendered":"PROJET \u00c9DUCATIF"},"content":{"rendered":"<p><span style=\"text-decoration: underline; color: #339966;\"><strong><span style=\"font-family: comic sans ms, sans-serif; font-size: 14pt;\">Institution Gu\u00e9ry<\/span><\/strong><\/span><\/p>\n<p><strong><span style=\"font-family: comic sans ms, sans-serif; font-size: 10pt;\">FAMILLES, JEUNES ET ADULTES<\/span><\/strong><\/p>\n<ul>\n<li><span style=\"font-family: comic sans ms, sans-serif; font-size: 10pt;\">Vivre ensemble pour grandir.<\/span><\/li>\n<li><span style=\"font-family: comic sans ms, sans-serif; font-size: 10pt;\">Sans confiance mutuelle rien ne peut se faire.<\/span><\/li>\n<li><span style=\"font-family: comic sans ms, sans-serif; font-size: 10pt;\">Avec respect, reconnaissons la place de chacun.<\/span><\/li>\n<li><span style=\"font-family: comic sans ms, sans-serif; font-size: 10pt;\">Partageons des valeurs accept\u00e9es pour int\u00e9grer et bien vivre notre communaut\u00e9.<\/span><\/li>\n<li><span style=\"font-family: comic sans ms, sans-serif; font-size: 10pt;\">Ensemble, nous construirons un lieu de vie, de travail et de dialogue, serein et accueillant.<\/span><\/li>\n<\/ul>\n<p><span style=\"color: #339966;\"><strong><em><span style=\"font-family: comic sans ms, sans-serif; font-size: 10pt;\">Chaque ann\u00e9e, un th\u00e8me choisi par la commission pastorale permet aux enfants de d\u00e9couvrir la vie de J\u00e9sus.<\/span><\/em><\/strong><\/span><\/p>\n<table style=\"height: 42px; width: 100%; border-collapse: collapse;\" border=\"1\">\n<tbody>\n<tr style=\"height: 17px;\">\n<td style=\"width: 33.3333%; height: 17px;\">\n<p style=\"text-align: center;\"><span style=\"color: #3366ff;\"><strong><span style=\"font-family: comic sans ms, sans-serif; font-size: 12pt;\">L&rsquo;\u00c9DUCATIF<\/span><\/strong><\/span><\/p>\n<\/td>\n<td style=\"width: 33.3333%; height: 17px;\">\n<p style=\"text-align: center;\"><span style=\"color: #3366ff;\"><strong><span style=\"font-family: comic sans ms, sans-serif; font-size: 12pt;\">D\u00c9VELOPPER LES INTELLIGENCES<\/span><\/strong><\/span><\/p>\n<\/td>\n<td style=\"width: 33.3333%; height: 17px;\">\n<p style=\"text-align: center;\"><span style=\"color: #3366ff;\"><strong><span style=\"font-family: comic sans ms, sans-serif; font-size: 12pt;\">PASTORALE<\/span><\/strong><\/span><\/p>\n<\/td>\n<\/tr>\n<tr style=\"height: 25px;\">\n<td style=\"width: 33.3333%; height: 25px; vertical-align: top;\">\n<p style=\"text-align: center;\"><span style=\"font-family: comic sans ms, sans-serif; font-size: 10pt;\">D\u00e9velopper un esprit de respect, de solidarit\u00e9, de partage et d&rsquo;acceptation des diff\u00e9rences.<\/span><\/p>\n<p style=\"text-align: center;\"><span style=\"font-family: comic sans ms, sans-serif; font-size: 10pt;\">Favoriser l&rsquo;implication de chaque enfant dans la vie de l&rsquo;\u00e9tablissement afin de le responsabiliser dans ses actes quotidiens.<\/span><\/p>\n<p style=\"text-align: center;\"><span style=\"font-family: comic sans ms, sans-serif; font-size: 10pt;\">\u00c9tablir un climat de confiance et de dialogue avec les familles.<\/span><\/p>\n<p style=\"text-align: center;\"><span style=\"font-family: comic sans ms, sans-serif; font-size: 10pt;\">Donner des rep\u00e8res et des limites pour permettre \u00e0 chacun de se construire et de s&rsquo;\u00e9panouir au sein de notre communaut\u00e9 \u00e9ducative.<\/span><\/p>\n<p style=\"text-align: center;\"><span style=\"font-family: comic sans ms, sans-serif; font-size: 10pt;\">Pr\u00e9server et enrichir un lieu de vie serein, s\u00e9curisant et cadr\u00e9.<\/span><\/p>\n<\/td>\n<td style=\"width: 33.3333%; height: 25px; vertical-align: top;\">\n<p style=\"text-align: center;\">P<span style=\"font-family: comic sans ms, sans-serif; font-size: 10pt;\">rendre en compte chaque \u00e9l\u00e8ve pour le faire progresser.<\/span><\/p>\n<p style=\"text-align: center;\"><span style=\"font-family: comic sans ms, sans-serif; font-size: 10pt;\">Faire prendre conscience \u00e0 chaque \u00e9l\u00e8ve de ses capacit\u00e9s et lui permettre de structurer sa pens\u00e9e.<\/span><\/p>\n<p style=\"text-align: center;\"><span style=\"font-family: comic sans ms, sans-serif; font-size: 10pt;\">\u00c9tablir des cadres et des rep\u00e8res pour d\u00e9velopper une attitude d&rsquo;apprentissage.<\/span><\/p>\n<p style=\"text-align: center;\"><span style=\"font-family: comic sans ms, sans-serif; font-size: 10pt;\">Donner le go\u00fbt d&rsquo;apprendre et susciter le sens de l&rsquo;effort.<\/span><\/p>\n<p style=\"text-align: center;\"><span style=\"font-family: comic sans ms, sans-serif; font-size: 10pt;\">Donner du sens aux apprentissages, au savoir.<\/span><\/p>\n<p style=\"text-align: center;\"><span style=\"font-family: comic sans ms, sans-serif; font-size: 10pt;\">Ouvrir \u00e0 la culture.<\/span><\/p>\n<p style=\"text-align: center;\"><span style=\"font-family: comic sans ms, sans-serif; font-size: 10pt;\">Encourager l&rsquo;esprit critique et former \u00e0 l&rsquo;analyse.<\/span><\/p>\n<p>&nbsp;<\/td>\n<td style=\"width: 33.3333%; height: 25px; vertical-align: top;\">\n<p style=\"text-align: center;\">L<span style=\"font-family: comic sans ms, sans-serif; font-size: 10pt;\">&lsquo;\u00c9vangile, \u00ab\u00a0pierre angulaire\u00a0\u00bb de notre projet \u00e9ducatif.<\/span><\/p>\n<p style=\"text-align: center;\"><span style=\"font-family: comic sans ms, sans-serif; font-size: 10pt;\">Faire d\u00e9couvrir la personne de J\u00e9sus et son message universel.<\/span><\/p>\n<p style=\"text-align: center;\"><span style=\"font-family: comic sans ms, sans-serif; font-size: 10pt;\">Accompagner les jeunes en qu\u00eate de sens sur leur chemin de vie.<\/span><\/p>\n<p style=\"text-align: center;\"><span style=\"font-family: comic sans ms, sans-serif; font-size: 10pt;\">Apprendre \u00e0 vivre ensemble et accepter les diff\u00e9rences dans le respect des consciences.<\/span><\/p>\n<p style=\"text-align: center;\"><span style=\"font-family: comic sans ms, sans-serif; font-size: 10pt;\">Donner l&rsquo;envie de s&rsquo;engager ensemble pour des actions gratuites et universelles.<\/span><\/p>\n<p style=\"text-align: center;\"><span style=\"font-family: comic sans ms, sans-serif; font-size: 10pt;\">Ouvrir le jeune \u00e0 la vie int\u00e9rieure et spirituelle pour le faire grandir dans sa foi.<\/span><\/p>\n<p style=\"text-align: center;\"><span style=\"font-family: comic sans ms, sans-serif; font-size: 10pt;\">Vivre, pour ceux qui le souhaitent, en communion avec l&rsquo;\u00c9glise Dioc\u00e9saine.<\/span><\/p>\n<\/td>\n<\/tr>\n<\/tbody>\n<\/table>\n","protected":false},"excerpt":{"rendered":"<p>Institution Gu\u00e9ry FAMILLES, JEUNES ET ADULTES Vivre ensemble pour grandir. Sans confiance mutuelle rien ne peut se faire. Avec respect, reconnaissons la place de chacun. Partageons des valeurs accept\u00e9es pour int\u00e9grer et bien vivre notre communaut\u00e9. Ensemble, nous construirons un lieu de vie, de travail et de dialogue, serein et accueillant. Chaque ann\u00e9e, un th\u00e8me&hellip;<\/p>\n","protected":false},"author":2,"featured_media":0,"comment_status":"closed","ping_status":"open","sticky":false,"template":"","format":"standard","meta":{"ngg_post_thumbnail":0,"footnotes":""},"categories":[4],"tags":[],"class_list":["post-2468","post","type-post","status-publish","format-standard","hentry","category-college"],"_links":{"self":[{"href":"https:\/\/www.stemarie.eu\/site\/index.php\/wp-json\/wp\/v2\/posts\/2468","targetHints":{"allow":["GET"]}}],"collection":[{"href":"https:\/\/www.stemarie.eu\/site\/index.php\/wp-json\/wp\/v2\/posts"}],"about":[{"href":"https:\/\/www.stemarie.eu\/site\/index.php\/wp-json\/wp\/v2\/types\/post"}],"author":[{"embeddable":true,"href":"https:\/\/www.stemarie.eu\/site\/index.php\/wp-json\/wp\/v2\/users\/2"}],"replies":[{"embeddable":true,"href":"https:\/\/www.stemarie.eu\/site\/index.php\/wp-json\/wp\/v2\/comments?post=2468"}],"version-history":[{"count":6,"href":"https:\/\/www.stemarie.eu\/site\/index.php\/wp-json\/wp\/v2\/posts\/2468\/revisions"}],"predecessor-version":[{"id":2474,"href":"https:\/\/www.stemarie.eu\/site\/index.php\/wp-json\/wp\/v2\/posts\/2468\/revisions\/2474"}],"wp:attachment":[{"href":"https:\/\/www.stemarie.eu\/site\/index.php\/wp-json\/wp\/v2\/media?parent=2468"}],"wp:term":[{"taxonomy":"category","embeddable":true,"href":"https:\/\/www.stemarie.eu\/site\/index.php\/wp-json\/wp\/v2\/categories?post=2468"},{"taxonomy":"post_tag","embeddable":true,"href":"https:\/\/www.stemarie.eu\/site\/index.php\/wp-json\/wp\/v2\/tags?post=2468"}],"curies":[{"name":"wp","href":"https:\/\/api.w.org\/{rel}","templated":true}]}}